{"id":3764,"date":"2025-04-29T10:20:03","date_gmt":"2025-04-29T10:20:03","guid":{"rendered":"https:\/\/www.safavifinancial.com\/%f0%9f%87%a8%f0%9f%87%a6-apercu-du-marche-en-mars-2025\/"},"modified":"2025-04-29T14:30:43","modified_gmt":"2025-04-29T14:30:43","slug":"%f0%9f%87%a8%f0%9f%87%a6-apercu-du-marche-en-mars-2025","status":"publish","type":"post","link":"https:\/\/www.safavifinancial.com\/fr\/%f0%9f%87%a8%f0%9f%87%a6-apercu-du-marche-en-mars-2025\/","title":{"rendered":"&#x1f1e8;&#x1f1e6; Aper\u00e7u du march\u00e9 en mars 2025"},"content":{"rendered":"\t\t<div data-elementor-type=\"wp-post\" data-elementor-id=\"3764\" class=\"elementor elementor-3764 elementor-3637\" data-elementor-post-type=\"post\">\n\t\t\t\t<div class=\"elementor-element elementor-element-d75489e e-flex e-con-boxed e-con e-parent\" data-id=\"d75489e\" data-element_type=\"container\">\n\t\t\t\t\t<div class=\"e-con-inner\">\n\t\t\t\t<div class=\"elementor-element elementor-element-af0abd6 elementor-widget elementor-widget-image\" data-id=\"af0abd6\" data-element_type=\"widget\" data-widget_type=\"image.default\">\n\t\t\t\t<div class=\"elementor-widget-container\">\n\t\t\t\t\t\t\t\t\t\t\t\t\t\t\t<img fetchpriority=\"high\" decoding=\"async\" width=\"800\" height=\"418\" src=\"https:\/\/www.safavifinancial.com\/wp-content\/uploads\/2025\/04\/3-1-1024x535.png\" class=\"attachment-large size-large wp-image-3640\" alt=\"\" srcset=\"https:\/\/www.safavifinancial.com\/wp-content\/uploads\/2025\/04\/3-1-1024x535.png 1024w, https:\/\/www.safavifinancial.com\/wp-content\/uploads\/2025\/04\/3-1-300x157.png 300w, https:\/\/www.safavifinancial.com\/wp-content\/uploads\/2025\/04\/3-1-768x401.png 768w, https:\/\/www.safavifinancial.com\/wp-content\/uploads\/2025\/04\/3-1.png 1200w\" sizes=\"(max-width: 800px) 100vw, 800px\" \/>\t\t\t\t\t\t\t\t\t\t\t\t\t\t\t<\/div>\n\t\t\t\t<\/div>\n\t\t\t\t\t<\/div>\n\t\t\t\t<\/div>\n\t\t<div class=\"elementor-element elementor-element-d610e61 e-flex e-con-boxed e-con e-parent\" data-id=\"d610e61\" data-element_type=\"container\">\n\t\t\t\t\t<div class=\"e-con-inner\">\n\t\t\t\t<div class=\"elementor-element elementor-element-19fb172 elementor-widget elementor-widget-text-editor\" data-id=\"19fb172\" data-element_type=\"widget\" data-widget_type=\"text-editor.default\">\n\t\t\t\t<div class=\"elementor-widget-container\">\n\t\t\t\t\t\t\t\t\t<p class=\"\" data-start=\"1643\" data-end=\"1667\"><strong data-start=\"1643\" data-end=\"1667\">Faits marquants de l&rsquo;\u00e9conomie :<\/strong><\/p><ul data-start=\"1668\" data-end=\"1959\"><li class=\"\" data-start=\"1668\" data-end=\"1749\"><p class=\"\" data-start=\"1670\" data-end=\"1749\"><span class=\"relative -mx-px my-[-0.2rem] rounded px-px py-[0.2rem] transition-colors duration-100 ease-in-out\"><strong data-start=\"0\" data-end=\"15\" data-is-only-node=\"\">Emploi :<\/strong> L&#8217;emploi a diminu\u00e9 de 33 000, avec des baisses notables dans les secteurs du commerce de gros et de d\u00e9tail.<\/span><\/p><\/li><li class=\"\" data-start=\"1750\" data-end=\"1831\"><p class=\"\" data-start=\"1752\" data-end=\"1831\"><span class=\"relative -mx-px my-[-0.2rem] rounded px-px py-[0.2rem] transition-colors duration-100 ease-in-out\"><strong data-start=\"0\" data-end=\"19\" data-is-only-node=\"\">March\u00e9 du logement :<\/strong> Les ventes de logements ont chut\u00e9 de 4,8 % d&rsquo;un mois sur l&rsquo;autre, atteignant en mars les niveaux les plus bas depuis 2009, dans un contexte d&rsquo;inqui\u00e9tudes croissantes concernant les tarifs douaniers.<\/span><\/p><\/li><li class=\"\" data-start=\"1832\" data-end=\"1959\"><p class=\"\" data-start=\"1834\" data-end=\"1959\"><span class=\"relative -mx-px my-[-0.2rem] rounded px-px py-[0.2rem] transition-colors duration-100 ease-in-out\"><strong data-start=\"0\" data-end=\"20\" data-is-only-node=\"\">Commerce de gros :<\/strong> Les estimations pr\u00e9liminaires indiquent une baisse de 0,3% du commerce de gros pour le mois de mars.<\/span>  <span class=\"ms-1 inline-flex max-w-full items-center relative top-[-0.094rem] animate-[show_150ms_ease-in]\"><a class=\"flex h-4.5 overflow-hidden rounded-xl px-2 text-[0.5625em] font-medium text-token-text-secondary! bg-[#F4F4F4]! dark:bg-[#303030]! transition-colors duration-150 ease-in-out\" href=\"https:\/\/www150.statcan.gc.ca\/n1\/daily-quotidien\/250404\/dq250404a-eng.htm?utm_source=chatgpt.com\" target=\"_blank\" rel=\"noopener\"><span class=\"relative start-0 bottom-0 flex h-full w-full items-center\"><span class=\"flex h-4 w-full items-center justify-between overflow-hidden\"><span class=\"max-w-full grow truncate overflow-hidden text-center\">Statistique Canada<\/span><\/span><\/span><\/a><\/span><span class=\"ms-1 inline-flex max-w-full items-center relative top-[-0.094rem] animate-[show_150ms_ease-in]\"><a class=\"flex h-4.5 overflow-hidden rounded-xl px-2 text-[0.5625em] font-medium text-token-text-secondary! bg-[#F4F4F4]! dark:bg-[#303030]! transition-colors duration-150 ease-in-out\" href=\"https:\/\/stats.crea.ca\/en-ca\/?utm_source=chatgpt.com\" target=\"_blank\" rel=\"noopener\"><span class=\"relative start-0 bottom-0 flex h-full w-full items-center\"><span class=\"flex h-4 w-full items-center justify-between overflow-hidden\"><span class=\"max-w-full grow truncate overflow-hidden text-center\">stats.crea.ca<\/span><\/span><\/span><\/a><\/span><span class=\"\" data-state=\"closed\"><span class=\"ms-1 inline-flex max-w-full items-center relative top-[-0.094rem] animate-[show_150ms_ease-in]\"><a class=\"flex h-4.5 overflow-hidden rounded-xl px-2 text-[0.5625em] font-medium text-token-text-secondary! bg-[#F4F4F4]! dark:bg-[#303030]! transition-colors duration-150 ease-in-out\" href=\"https:\/\/www.reuters.com\/world\/americas\/canada-march-wholesale-trade-most-likely-down-03-statscan-flash-estimate-2025-04-28\/?utm_source=chatgpt.com\" target=\"_blank\" rel=\"noopener\"><span class=\"relative start-0 bottom-0 flex h-full w-full items-center\"><span class=\"flex h-4 w-full items-center justify-between overflow-hidden\"><span class=\"max-w-full grow truncate overflow-hidden text-center\">Reuters<\/span><\/span><\/span><\/a><\/span><\/span><\/p><\/li><\/ul><p class=\"\" data-start=\"1961\" data-end=\"1982\"><strong data-start=\"1961\" data-end=\"1982\">Mouvements du march\u00e9 :<\/strong><\/p><ul data-start=\"1983\" data-end=\"2112\"><li class=\"\" data-start=\"1983\" data-end=\"2024\"><p class=\"\" data-start=\"1985\" data-end=\"2024\"><span class=\"relative -mx-px my-[-0.2rem] rounded px-px py-[0.2rem] transition-colors duration-100 ease-in-out\"><strong data-start=\"0\" data-end=\"20\" data-is-only-node=\"\">Performance du TSX :<\/strong> L&rsquo;indice a connu une certaine volatilit\u00e9, les gains r\u00e9alis\u00e9s dans le secteur des mines d&rsquo;or ayant \u00e9t\u00e9 compens\u00e9s par les pertes subies dans les secteurs de la consommation.<\/span><\/p><\/li><li class=\"\" data-start=\"2025\" data-end=\"2112\"><p class=\"\" data-start=\"2027\" data-end=\"2112\"><span class=\"relative -mx-px my-[-0.2rem] rounded px-px py-[0.2rem] transition-colors duration-100 ease-in-out\"><strong data-start=\"0\" data-end=\"13\" data-is-only-node=\"\">Monnaie :<\/strong> Le dollar canadien s&rsquo;est l\u00e9g\u00e8rement affaibli en raison des incertitudes commerciales.<\/span><\/p><\/li><\/ul><p class=\"\" data-start=\"2114\" data-end=\"2137\"><strong data-start=\"2114\" data-end=\"2137\">Perspectives strat\u00e9giques :<\/strong><\/p><ul data-start=\"2138\" data-end=\"2267\"><li class=\"\" data-start=\"2138\" data-end=\"2179\"><p class=\"\" data-start=\"2140\" data-end=\"2179\"><span class=\"relative -mx-px my-[-0.2rem] rounded px-px py-[0.2rem] transition-colors duration-100 ease-in-out\">Les investisseurs peuvent envisager d&rsquo;augmenter leur allocation en m\u00e9taux pr\u00e9cieux pour se pr\u00e9munir contre la volatilit\u00e9 des march\u00e9s.<\/span><\/p><\/li><li class=\"\" data-start=\"2180\" data-end=\"2267\"><p class=\"\" data-start=\"2182\" data-end=\"2267\"><span class=\"relative -mx-px my-[-0.2rem] rounded px-px py-[0.2rem] transition-colors duration-100 ease-in-out\">Il est essentiel de suivre l&rsquo;\u00e9volution des politiques commerciales, car elles ont des cons\u00e9quences directes sur les industries tourn\u00e9es vers l&rsquo;exportation.<\/span><\/p><\/li><\/ul>\t\t\t\t\t\t\t\t<\/div>\n\t\t\t\t<\/div>\n\t\t\t\t\t<\/div>\n\t\t\t\t<\/div>\n\t\t\t\t<\/div>\n\t\t","protected":false},"excerpt":{"rendered":"<p>Faits marquants de l&rsquo;\u00e9conomie : Emploi : L&#8217;emploi a diminu\u00e9 de 33 000, avec des baisses notables dans les secteurs du commerce de gros et de d\u00e9tail. March\u00e9 du logement : Les ventes de logements ont chut\u00e9 de 4,8 % d&rsquo;un mois sur l&rsquo;autre, atteignant en mars les niveaux les plus bas depuis 2009, dans [&hellip;]<\/p>\n","protected":false},"author":1,"featured_media":0,"comment_status":"open","ping_status":"open","sticky":false,"template":"","format":"standard","meta":{"footnotes":""},"categories":[77],"tags":[],"class_list":["post-3764","post","type-post","status-publish","format-standard","hentry","category-rapport-danalyse-du-marche"],"_links":{"self":[{"href":"https:\/\/www.safavifinancial.com\/fr\/wp-json\/wp\/v2\/posts\/3764","targetHints":{"allow":["GET"]}}],"collection":[{"href":"https:\/\/www.safavifinancial.com\/fr\/wp-json\/wp\/v2\/posts"}],"about":[{"href":"https:\/\/www.safavifinancial.com\/fr\/wp-json\/wp\/v2\/types\/post"}],"author":[{"embeddable":true,"href":"https:\/\/www.safavifinancial.com\/fr\/wp-json\/wp\/v2\/users\/1"}],"replies":[{"embeddable":true,"href":"https:\/\/www.safavifinancial.com\/fr\/wp-json\/wp\/v2\/comments?post=3764"}],"version-history":[{"count":1,"href":"https:\/\/www.safavifinancial.com\/fr\/wp-json\/wp\/v2\/posts\/3764\/revisions"}],"predecessor-version":[{"id":3769,"href":"https:\/\/www.safavifinancial.com\/fr\/wp-json\/wp\/v2\/posts\/3764\/revisions\/3769"}],"wp:attachment":[{"href":"https:\/\/www.safavifinancial.com\/fr\/wp-json\/wp\/v2\/media?parent=3764"}],"wp:term":[{"taxonomy":"category","embeddable":true,"href":"https:\/\/www.safavifinancial.com\/fr\/wp-json\/wp\/v2\/categories?post=3764"},{"taxonomy":"post_tag","embeddable":true,"href":"https:\/\/www.safavifinancial.com\/fr\/wp-json\/wp\/v2\/tags?post=3764"}],"curies":[{"name":"wp","href":"https:\/\/api.w.org\/{rel}","templated":true}]}}